{"Tytu\u0142":"Og\u0142oszenie o drugim przetargu ustnym nieograniczonym na najem 17 pomieszcze\u0144 gospodarczych w Istebnej os. Kubalonka","Tre\u015b\u0107":{"lead":"<p>L.U. 07\/2025<\/p>\n<p><\/p>","content":"<span>P. o. Dyrektora \u015al\u0105skiego Zarz\u0105du Nieruchomo\u015bci og\u0142asza<\/span> pierwszy przetarg ustny nieograniczony na najem 17 pomieszcze\u0144 gospodarczych mieszcz\u0105cych si\u0119 w budynku mieszkalnym nr 685 usytuowanym na nieruchomo\u015bci po\u0142o\u017conej w Istebnej os. Kubalonka.<br \/><br \/><span><span style=\"text-decoration: underline;\">Miejsce przeprowadzenia przetargu<\/span>: siedziba \u015al\u0105skiego Zarz\u0105du Nieruchomo\u015bci w Katowicach ul. Grabowa 1A Katowice , pok\u00f3j 501 (IV pi\u0119tro)<br \/><br \/><span style=\"text-decoration: underline;\">Termin przetargu<\/span>: <strong>11 kwietnia 2025r., godz. 10.00<br \/><br \/><br \/><\/strong><\/span>"},"Pliki dokument\u00f3w":[{"id":2115,"object_id":2001,"size":1838803,"type":"application\/pdf","general_type":"application","name":"content_2001\/67e588878e93e2.59579525.pdf","original_name":"711_2025.pdf","title":"Og\u0142oszenie o przetargu","description":null,"active":1,"sort":1,"create_user_id":null,"update_user_id":null,"created_at":"2025-03-27 18:19:03","updated_at":"2025-03-27 18:19:32","object_type":"content"},{"id":2114,"object_id":2001,"size":90112,"type":"application\/msword","general_type":"application","name":"content_2001\/67e5888761d842.93329823.doc","original_name":"WZ\u00d3R UMOWY NAJMU pomieszczenia gospodarczego_przetarg.doc","title":"Umowa najmu","description":null,"active":1,"sort":2,"create_user_id":null,"update_user_id":null,"created_at":"2025-03-27 18:19:03","updated_at":"2025-03-27 18:19:19","object_type":"content"},{"id":2116,"object_id":2001,"size":82944,"type":"application\/msword","general_type":"application","name":"content_2001\/67e58887a2a904.38816282.doc","original_name":"za\u0142\u0105cznik nr 2 -Zg\u0142oszenie udzia\u0142u w przetargu.doc","title":"Zg\u0142oszenie udzia\u0142u w przetargu","description":null,"active":1,"sort":3,"create_user_id":null,"update_user_id":null,"created_at":"2025-03-27 18:19:03","updated_at":"2025-03-27 18:19:51","object_type":"content"}],"Pliki iobrazk\u00f3w":[],"Pliki audio":[],"Linki":[],"Video":[],"Okruszki":[{"title":"Strona g\u0142\u00f3wna","link":"\/","target":"_self"},{"title":"Nieruchomo\u015bci","link":null,"target":"_self"},{"title":"Najem lokali u\u017cytkowych","link":null,"target":"_self"}],"Historia zmian":[{"message":"korekta tre\u015bci","user_name":"Grzegorz Januszek","date":"2025-04-14 16:55:46"},{"message":"Wprowadzenie zmian w opisie do\u0142\u0105czonego do informacji pliku","user_name":"Grzegorz Januszek","date":"2025-03-27 18:19:51"},{"message":"Wprowadzenie zmian w opisie do\u0142\u0105czonego do informacji pliku","user_name":"Grzegorz Januszek","date":"2025-03-27 18:19:32"},{"message":"Wprowadzenie zmian w opisie do\u0142\u0105czonego do informacji pliku","user_name":"Grzegorz Januszek","date":"2025-03-27 18:19:19"},{"message":"Do\u0142\u0105czenie do informacji za\u0142\u0105cznika w formie pliku","user_name":"Grzegorz Januszek","date":"2025-03-27 18:19:03"},{"message":"Do\u0142\u0105czenie do informacji za\u0142\u0105cznika w formie pliku","user_name":"Grzegorz Januszek","date":"2025-03-27 18:19:03"},{"message":"Do\u0142\u0105czenie do informacji za\u0142\u0105cznika w formie pliku","user_name":"Grzegorz Januszek","date":"2025-03-27 18:19:03"},{"message":"publikacja","user_name":"Grzegorz Januszek","date":"2025-03-27 18:18:47"}]}