{"Tytu\u0142":"Og\u0142oszenie o drugim przetargu ustnym nieograniczonym na najem lokalu u\u017cytkowego na nieruchomo\u015bci po\u0142o\u017conej w Istebnej os. Kubalonka","Tre\u015b\u0107":{"lead":"<p>L.U. 06\/2025<\/p>\n<p><\/p>","content":"<span>P. o. Dyrektora \u015al\u0105skiego Zarz\u0105du Nieruchomo\u015bci og\u0142asza<\/span> drugi przetarg ustny nieograniczony na najem lokalu u\u017cytkowego o powierzchni 116,34 m\u00b2, znajduj\u0105cego si\u0119 w budynku mieszkalnym nr 684 usytuowanym na nieruchomo\u015bci po\u0142o\u017conej w Istebnej os. Kubalonka.<br \/><br \/><span><span style=\"text-decoration: underline;\">Miejsce przeprowadzenia przetargu<\/span>: siedziba \u015al\u0105skiego Zarz\u0105du Nieruchomo\u015bci w Katowicach ul. Grabowa 1A Katowice , pok\u00f3j 501 (IV pi\u0119tro)<br \/><br \/><span style=\"text-decoration: underline;\">Termin przetargu<\/span>: <strong>11 kwiecie\u0144 2025r., godz. 9.00<br \/><br \/><br \/><\/strong><\/span>"},"Pliki dokument\u00f3w":[{"id":2112,"object_id":2000,"size":1672872,"type":"application\/pdf","general_type":"application","name":"content_2000\/67e586e8e0a843.21245700.pdf","original_name":"710_2025.pdf","title":"Og\u0142oszenie o przetargu","description":null,"active":1,"sort":1,"create_user_id":null,"update_user_id":null,"created_at":"2025-03-27 18:12:08","updated_at":"2025-03-27 18:13:14","object_type":"content"},{"id":2113,"object_id":2000,"size":35814,"type":"application\/vnd.openxmlfo","general_type":"application","name":"content_2000\/67e586e903ab61.55901454.docx","original_name":"Umowa najmu lokalu u\u017cytkowego_przetarg.docx","title":"Umowa najmu","description":null,"active":1,"sort":2,"create_user_id":null,"update_user_id":null,"created_at":"2025-03-27 18:12:09","updated_at":"2025-03-27 18:12:56","object_type":"content"},{"id":2111,"object_id":2000,"size":84480,"type":"application\/msword","general_type":"application","name":"content_2000\/67e586e87efdd6.66470541.doc","original_name":"za\u0142\u0105cznik nr 2 -Zg\u0142oszenie udzia\u0142u w przetargu.doc","title":"Zg\u0142oszenie udzia\u0142u w przetargu","description":null,"active":1,"sort":3,"create_user_id":null,"update_user_id":null,"created_at":"2025-03-27 18:12:08","updated_at":"2025-03-27 18:12:39","object_type":"content"}],"Pliki iobrazk\u00f3w":[],"Pliki audio":[],"Linki":[],"Video":[],"Okruszki":[{"title":"Strona g\u0142\u00f3wna","link":"\/","target":"_self"},{"title":"Nieruchomo\u015bci","link":null,"target":"_self"},{"title":"Najem lokali u\u017cytkowych","link":null,"target":"_self"}],"Historia zmian":[{"message":"korekta tre\u015bci","user_name":"Grzegorz Januszek","date":"2025-04-14 16:56:07"},{"message":"Wprowadzenie zmian w opisie do\u0142\u0105czonego do informacji pliku","user_name":"Grzegorz Januszek","date":"2025-03-27 18:13:14"},{"message":"Wprowadzenie zmian w opisie do\u0142\u0105czonego do informacji pliku","user_name":"Grzegorz Januszek","date":"2025-03-27 18:12:56"},{"message":"Wprowadzenie zmian w opisie do\u0142\u0105czonego do informacji pliku","user_name":"Grzegorz Januszek","date":"2025-03-27 18:12:39"},{"message":"Do\u0142\u0105czenie do informacji za\u0142\u0105cznika w formie pliku","user_name":"Grzegorz Januszek","date":"2025-03-27 18:12:09"},{"message":"Do\u0142\u0105czenie do informacji za\u0142\u0105cznika w formie pliku","user_name":"Grzegorz Januszek","date":"2025-03-27 18:12:08"},{"message":"Do\u0142\u0105czenie do informacji za\u0142\u0105cznika w formie pliku","user_name":"Grzegorz Januszek","date":"2025-03-27 18:12:08"},{"message":"publikacja","user_name":"Grzegorz Januszek","date":"2025-03-27 18:11:29"}]}