{"Tytu\u0142":"Og\u0142oszenie o pierwszym  przetargu ustnym nieograniczonym na najem gara\u017cy nr 6 i 9 znajduj\u0105cych si\u0119 na dzia\u0142ce nr 6617\/15 w Istebnej","Tre\u015b\u0107":{"lead":"L.U. 03\/2023","content":"<span>Dyrektor \u015al\u0105skiego Zarz\u0105du Nieruchomo\u015bci og\u0142asza pierwszy przetarg ustny nieograniczony na najem\u00a0gara\u017cy nr 6 i 9 znajduj\u0105cych si\u0119 na dzia\u0142ce nr 6617\/15 w Istebnej.<br \/><br \/>Miejsce przeprowadzenia przetargu<span>: siedziba \u015al\u0105skiego Zarz\u0105du Nieruchomo\u015bci w Katowicach ul. Grabowa 1A Katowice , pok\u00f3j 501 (IV pi\u0119tro)<\/span><br \/><br \/><span>Termin przetargu<\/span><span>:<span>\u00a0<\/span><\/span><strong>03.02.2023r., godz. 11.00<br \/><br \/><\/strong><br \/><\/span>"},"Pliki dokument\u00f3w":[{"id":1966,"object_id":1919,"size":1272798,"type":"application\/pdf","general_type":"application","name":"content_1919\/63c9157a4c1118.62643564.pdf","original_name":"L.U. 3_2023. Licytacja gara\u017c 6 i 9  Istebna os. Kubalonka.pdf","title":"Og\u0142oszenie o przetargu","description":null,"active":1,"sort":1,"create_user_id":null,"update_user_id":null,"created_at":"2023-01-19 11:03:38","updated_at":"2023-01-19 11:04:14","object_type":"content"},{"id":1967,"object_id":1919,"size":231316,"type":"application\/pdf","general_type":"application","name":"content_1919\/63c9157ab33ab8.47542562.pdf","original_name":"za\u0142\u0105cznik nr 1 - wz\u00f3r umowy gara\u017c czas oznaczony Istebna os. Kubalonka.pdf","title":"Wz\u00f3r umowy","description":null,"active":1,"sort":2,"create_user_id":null,"update_user_id":null,"created_at":"2023-01-19 11:03:38","updated_at":"2023-01-19 11:04:31","object_type":"content"},{"id":1968,"object_id":1919,"size":85504,"type":"application\/msword","general_type":"application","name":"content_1919\/63c9157b05e355.46663590.doc","original_name":"za\u0142\u0105cznik nr 2 -Zg\u0142oszenie udzia\u0142u w przetargu.doc","title":"Zg\u0142oszenie udzia\u0142u","description":null,"active":1,"sort":3,"create_user_id":null,"update_user_id":null,"created_at":"2023-01-19 11:03:39","updated_at":"2023-01-19 11:04:50","object_type":"content"}],"Pliki iobrazk\u00f3w":[],"Pliki audio":[],"Linki":[],"Video":[],"Okruszki":[{"title":"Strona g\u0142\u00f3wna","link":"\/","target":"_self"},{"title":"Nieruchomo\u015bci","link":null,"target":"_self"},{"title":"Najem lokali u\u017cytkowych","link":null,"target":"_self"}],"Historia zmian":[{"message":"<span>korekta redaktorska<\/span>","user_name":"Grzegorz Januszek","date":"2023-01-19 11:06:36"},{"message":"Wprowadzenie zmian w opisie do\u0142\u0105czonego do informacji pliku","user_name":"Grzegorz Januszek","date":"2023-01-19 11:04:50"},{"message":"Wprowadzenie zmian w opisie do\u0142\u0105czonego do informacji pliku","user_name":"Grzegorz Januszek","date":"2023-01-19 11:04:31"},{"message":"Wprowadzenie zmian w opisie do\u0142\u0105czonego do informacji pliku","user_name":"Grzegorz Januszek","date":"2023-01-19 11:04:14"},{"message":"Do\u0142\u0105czenie do informacji za\u0142\u0105cznika w formie pliku","user_name":"Grzegorz Januszek","date":"2023-01-19 11:03:39"},{"message":"Do\u0142\u0105czenie do informacji za\u0142\u0105cznika w formie pliku","user_name":"Grzegorz Januszek","date":"2023-01-19 11:03:38"},{"message":"Do\u0142\u0105czenie do informacji za\u0142\u0105cznika w formie pliku","user_name":"Grzegorz Januszek","date":"2023-01-19 11:03:38"},{"message":"przygotowanie publikacji","user_name":"Grzegorz Januszek","date":"2023-01-19 11:03:05"}]}