{"Tytu\u0142":"Og\u0142oszenie o pierwszym  przetargu ustnym nieograniczonym na najem lokali u\u017cytkowych po\u0142o\u017conych w Cz\u0119stochowie przy ul. Wr\u0119czyckiej 11A","Tre\u015b\u0107":{"lead":"L.U. 13\/2022","content":"<span>Dyrektor \u015al\u0105skiego Zarz\u0105du Nieruchomo\u015bci og\u0142asza pierwszy przetarg ustny nieograniczony na najem<\/span>\u00a0lokali u\u017cytkowych po\u0142o\u017conych w Cz\u0119stochowie przy ul. Wr\u0119czyckiej 11A.<br \/><span><br \/>Miejsce przeprowadzenia przetargu: <span>ul. Wr\u0119czycka 11A, Cz\u0119stochowa<\/span><\/span><br \/><br \/><span>Termin przeprowadzenia przetargu:<span>\u00a0<\/span><\/span><strong>23 grudnia 2022r., godzina 11.00<br \/><br \/><br \/><\/strong>"},"Pliki dokument\u00f3w":[{"id":1940,"object_id":1912,"size":2621717,"type":"application\/pdf","general_type":"application","name":"content_1912\/638f89b65e5401.32047910.pdf","original_name":"L. U.13_2022 - Pierwszy przetarg na najem lokali u\u017cytkowych w Cz\u0119stochowie ul. Wr\u0119czycka 11A.pdf","title":"Og\u0142oszenie","description":null,"active":1,"sort":1,"create_user_id":null,"update_user_id":null,"created_at":"2022-12-06 19:28:06","updated_at":"2022-12-06 19:28:23","object_type":"content"},{"id":1941,"object_id":1912,"size":267843,"type":"application\/pdf","general_type":"application","name":"content_1912\/638f89b68fe318.34936058.pdf","original_name":"za\u0142acznik nr 3 - wz\u00f3r  umowy lokal u\u017cytkowy Cz\u0119stochowa ul. Wr\u0119czycka 11 a.pdf","title":"Wz\u00f3r umowy","description":null,"active":1,"sort":2,"create_user_id":null,"update_user_id":null,"created_at":"2022-12-06 19:28:06","updated_at":"2022-12-06 19:29:33","object_type":"content"},{"id":1942,"object_id":1912,"size":84992,"type":"application\/msword","general_type":"application","name":"content_1912\/638f89b6b81d06.58586485.doc","original_name":"za\u0142\u0105cznik nr 2 -Zg\u0142oszenie udzia\u0142u w przetargu Cz\u0119stochowa ul. Wr\u0119czycka 11 A.doc","title":"Zg\u0142oszenie udzia\u0142u w przetargu","description":null,"active":1,"sort":3,"create_user_id":null,"update_user_id":null,"created_at":"2022-12-06 19:28:06","updated_at":"2022-12-06 19:30:15","object_type":"content"}],"Pliki iobrazk\u00f3w":[],"Pliki audio":[],"Linki":[],"Video":[],"Okruszki":[{"title":"Strona g\u0142\u00f3wna","link":"\/","target":"_self"},{"title":"Nieruchomo\u015bci","link":null,"target":"_self"},{"title":"Najem lokali u\u017cytkowych","link":null,"target":"_self"}],"Historia zmian":[{"message":"korekta redaktorska","user_name":"Grzegorz Januszek","date":"2022-12-06 19:38:22"},{"message":"Wprowadzenie zmian w opisie do\u0142\u0105czonego do informacji pliku","user_name":"Grzegorz Januszek","date":"2022-12-06 19:30:15"},{"message":"Wprowadzenie zmian w opisie do\u0142\u0105czonego do informacji pliku","user_name":"Grzegorz Januszek","date":"2022-12-06 19:29:41"},{"message":"Wprowadzenie zmian w opisie do\u0142\u0105czonego do informacji pliku","user_name":"Grzegorz Januszek","date":"2022-12-06 19:29:33"},{"message":"Wprowadzenie zmian w opisie do\u0142\u0105czonego do informacji pliku","user_name":"Grzegorz Januszek","date":"2022-12-06 19:28:23"},{"message":"Do\u0142\u0105czenie do informacji za\u0142\u0105cznika w formie pliku","user_name":"Grzegorz Januszek","date":"2022-12-06 19:28:06"},{"message":"Do\u0142\u0105czenie do informacji za\u0142\u0105cznika w formie pliku","user_name":"Grzegorz Januszek","date":"2022-12-06 19:28:06"},{"message":"Do\u0142\u0105czenie do informacji za\u0142\u0105cznika w formie pliku","user_name":"Grzegorz Januszek","date":"2022-12-06 19:28:06"},{"message":"przygotowanie publikacji","user_name":"Grzegorz Januszek","date":"2022-12-06 19:27:08"}]}