{"Tytu\u0142":"Og\u0142oszenie o pierwszym przetargu ustnym nieograniczonym na najem gara\u017cu nr 23 po\u0142o\u017conego w Gliwicach przy ul. \u015alusarskiej 4","Tre\u015b\u0107":{"lead":"L.U. 07\/2022","content":"<span>\u015al\u0105ski Zarz\u0105d Nieruchomo\u015bci og\u0142asza pierwszy przetarg ustny nieograniczony na najem gara\u017cu nr 23 po\u0142o\u017conego w Gliwicach przy ul. \u015alusarskiej 4.<\/span><br \/><br \/><span>Miejsce przeprowadzenia przetargu : siedziba \u015al\u0105skiego Zarz\u0105du Nieruchomo\u015bci w Katowicach ul. Grabowa 1A Katowice , pok\u00f3j 501 (IV pi\u0119tro)<\/span><br \/><br \/><span>Termin przeprowadzenia przetargu:\u00a0<strong>27.05.2022r<\/strong>. godz.<strong>10.00<\/strong><br \/><br \/><br \/><\/span>"},"Pliki dokument\u00f3w":[{"id":1873,"object_id":1884,"size":1207827,"type":"application\/pdf","general_type":"application","name":"content_1884\/627fd5d8b58d85.82367266.pdf","original_name":"L.U.8_2022 - I przetarg Gliwice, ul.\u015alusarska 4 gara\u017c 23.pdf","title":"Og\u0142oszenie","description":null,"active":1,"sort":1,"create_user_id":null,"update_user_id":null,"created_at":"2022-05-14 18:16:24","updated_at":"2022-05-14 18:17:08","object_type":"content"},{"id":1874,"object_id":1884,"size":239696,"type":"application\/pdf","general_type":"application","name":"content_1884\/627fd5d900c686.25266138.pdf","original_name":"wz\u00f3r umowy gara\u017c czas oznaczony.pdf","title":"Wz\u00f3r umowy","description":null,"active":1,"sort":2,"create_user_id":null,"update_user_id":null,"created_at":"2022-05-14 18:16:25","updated_at":"2022-05-14 18:17:27","object_type":"content"},{"id":1875,"object_id":1884,"size":83456,"type":"application\/msword","general_type":"application","name":"content_1884\/627fd5d9226581.76672873.doc","original_name":"Zg\u0142oszenie udzia\u0142u w przetargu.doc","title":"Zg\u0142oszenie udzia\u0142u w przetargu","description":null,"active":1,"sort":3,"create_user_id":null,"update_user_id":null,"created_at":"2022-05-14 18:16:25","updated_at":"2022-05-14 18:17:55","object_type":"content"}],"Pliki iobrazk\u00f3w":[],"Pliki audio":[],"Linki":[],"Video":[],"Okruszki":[{"title":"Strona g\u0142\u00f3wna","link":"\/","target":"_self"},{"title":"Nieruchomo\u015bci","link":null,"target":"_self"},{"title":"Najem lokali u\u017cytkowych","link":null,"target":"_self"}],"Historia zmian":[{"message":"koretka tre\u015bci w zajawce","user_name":"Grzegorz Januszek","date":"2022-05-26 16:05:36"},{"message":"Wprowadzenie zmian w opisie do\u0142\u0105czonego do informacji pliku","user_name":"Grzegorz Januszek","date":"2022-05-14 18:17:55"},{"message":"Wprowadzenie zmian w opisie do\u0142\u0105czonego do informacji pliku","user_name":"Grzegorz Januszek","date":"2022-05-14 18:17:27"},{"message":"Wprowadzenie zmian w opisie do\u0142\u0105czonego do informacji pliku","user_name":"Grzegorz Januszek","date":"2022-05-14 18:17:08"},{"message":"Do\u0142\u0105czenie do informacji za\u0142\u0105cznika w formie pliku","user_name":"Grzegorz Januszek","date":"2022-05-14 18:16:25"},{"message":"Do\u0142\u0105czenie do informacji za\u0142\u0105cznika w formie pliku","user_name":"Grzegorz Januszek","date":"2022-05-14 18:16:25"},{"message":"Do\u0142\u0105czenie do informacji za\u0142\u0105cznika w formie pliku","user_name":"Grzegorz Januszek","date":"2022-05-14 18:16:24"},{"message":"Publikacja og\u0142oszenia","user_name":"Grzegorz Januszek","date":"2022-05-14 18:10:01"}]}