{"Tytu\u0142":"Og\u0142oszenie o pierwszym przetargu ustnym nieograniczonym na najem gara\u017cy nr 4, 5, 6 po\u0142o\u017conych w Cz\u0119stochowie przy ul. Wr\u0119czyckiej 11 A","Tre\u015b\u0107":{"lead":"L.U. 10\/2022","content":"<p><span>Dyrektor \u015al\u0105skiego Zarz\u0105du Nieruchomo\u015bci og\u0142asza pierwszy przetarg ustny nieograniczony na najem gara\u017c<\/span>y nr 4, 5, 6 po\u0142o\u017conych w Cz\u0119stochowie przy ul. Wr\u0119czyckiej 11 A.<br \/><br \/>Miejsce przeprowadzenia przetargu : siedziba \u015al\u0105skiego Zarz\u0105du Nieruchomo\u015bci w Katowicach ul. Grabowa 1A Katowice , pok\u00f3j 501 (IV pi\u0119tro)<br \/><br \/>Termin przeprowadzenia przetargu : <strong>14 lipca 2022r. godzina 10.00<\/strong><br \/><br \/><br \/><\/p>"},"Pliki dokument\u00f3w":[{"id":1892,"object_id":1894,"size":1195605,"type":"application\/pdf","general_type":"application","name":"content_1894\/62b985618e7f38.05412413.pdf","original_name":"Og\u0142oszenie o pierwszym przetargu na wynajem gara\u017cy w Cz\u0119stochowie ul. Wr\u0119czycka 11A.pdf","title":"Og\u0142oszenie","description":null,"active":1,"sort":1,"create_user_id":null,"update_user_id":null,"created_at":"2022-06-27 12:24:33","updated_at":"2022-06-27 12:24:43","object_type":"content"},{"id":1890,"object_id":1894,"size":216324,"type":"application\/pdf","general_type":"application","name":"content_1894\/62b4cc57141bf0.67215072.pdf","original_name":"wz\u00f3r umowy gara\u017c czas oznaczony.pdf","title":"Wz\u00f3r umowy","description":null,"active":1,"sort":2,"create_user_id":null,"update_user_id":null,"created_at":"2022-06-23 22:25:59","updated_at":"2022-06-23 22:26:37","object_type":"content"},{"id":1891,"object_id":1894,"size":84480,"type":"application\/msword","general_type":"application","name":"content_1894\/62b4cc573f65d6.59327826.doc","original_name":"Zg\u0142oszenie udzia\u0142u w przetargu.doc","title":"Zg\u0142oszenie udzia\u0142u w przetargu","description":null,"active":1,"sort":3,"create_user_id":null,"update_user_id":null,"created_at":"2022-06-23 22:25:59","updated_at":"2022-06-23 22:26:56","object_type":"content"},{"id":1907,"object_id":1894,"size":477496,"type":"application\/pdf","general_type":"application","name":"content_1894\/62c6c3e70f6c86.82497257.pdf","original_name":"Informacja o zmianie tre\u015bci og\u0142oszenia o I przetargu ul.  Wr\u0119czycka 11A Cz\u0119stochowa gara\u017c 4,5,6.pdf","title":"Zmiana tre\u015bci og\u0142oszenia","description":null,"active":1,"sort":4,"create_user_id":null,"update_user_id":null,"created_at":"2022-07-07 13:30:47","updated_at":"2022-07-07 13:31:50","object_type":"content"},{"id":1906,"object_id":1894,"size":253225,"type":"application\/pdf","general_type":"application","name":"content_1894\/62c6c3e6a54182.70954525.pdf","original_name":"wz\u00f3r umowy gara\u017c Cz\u0119stochowa Wr\u0119czycka WERSJA PO ZMIANACH.pdf","title":"Wz\u00f3r umowy po zmianach","description":null,"active":1,"sort":5,"create_user_id":null,"update_user_id":null,"created_at":"2022-07-07 13:30:46","updated_at":"2022-07-07 13:31:19","object_type":"content"}],"Pliki iobrazk\u00f3w":[],"Pliki audio":[],"Linki":[],"Video":[],"Okruszki":[{"title":"Strona g\u0142\u00f3wna","link":"\/","target":"_self"},{"title":"Nieruchomo\u015bci","link":null,"target":"_self"},{"title":"Najem lokali u\u017cytkowych","link":null,"target":"_self"}],"Historia zmian":[{"message":"Wprowadzenie zmian w opisie do\u0142\u0105czonego do informacji pliku","user_name":"Grzegorz Januszek","date":"2022-07-07 13:31:50"},{"message":"Wprowadzenie zmian w opisie do\u0142\u0105czonego do informacji pliku","user_name":"Grzegorz Januszek","date":"2022-07-07 13:31:19"},{"message":"Do\u0142\u0105czenie do informacji za\u0142\u0105cznika w formie pliku","user_name":"Grzegorz Januszek","date":"2022-07-07 13:30:47"},{"message":"Do\u0142\u0105czenie do informacji za\u0142\u0105cznika w formie pliku","user_name":"Grzegorz Januszek","date":"2022-07-07 13:30:46"},{"message":"korekta in","user_name":"Grzegorz Januszek","date":"2022-06-28 14:13:43"},{"message":"Wprowadzenie zmian w opisie do\u0142\u0105czonego do informacji pliku","user_name":"Grzegorz Januszek","date":"2022-06-27 12:24:43"},{"message":"Do\u0142\u0105czenie do informacji za\u0142\u0105cznika w formie pliku","user_name":"Grzegorz Januszek","date":"2022-06-27 12:24:33"},{"message":"Usuni\u0119cie do\u0142\u0105czonego do informacji pliku","user_name":"Grzegorz Januszek","date":"2022-06-27 12:24:27"},{"message":"<p>korekta ekspozycji<\/p>","user_name":"Grzegorz Januszek","date":"2022-06-23 22:36:31"},{"message":"korekta ekspozycji","user_name":"Grzegorz Januszek","date":"2022-06-23 22:35:30"},{"message":"korekta ekspozycji","user_name":"Grzegorz Januszek","date":"2022-06-23 22:34:58"},{"message":"korekta ekspozycji","user_name":"Grzegorz Januszek","date":"2022-06-23 22:34:26"},{"message":"korekta ekspozycji","user_name":"Grzegorz Januszek","date":"2022-06-23 22:33:54"},{"message":"Wprowadzenie zmian w opisie do\u0142\u0105czonego do informacji pliku","user_name":"Grzegorz Januszek","date":"2022-06-23 22:26:56"},{"message":"Wprowadzenie zmian w opisie do\u0142\u0105czonego do informacji pliku","user_name":"Grzegorz Januszek","date":"2022-06-23 22:26:37"},{"message":"Wprowadzenie zmian w opisie do\u0142\u0105czonego do informacji pliku","user_name":"Grzegorz Januszek","date":"2022-06-23 22:26:25"},{"message":"Do\u0142\u0105czenie do informacji za\u0142\u0105cznika w formie pliku","user_name":"Grzegorz Januszek","date":"2022-06-23 22:25:59"},{"message":"Do\u0142\u0105czenie do informacji za\u0142\u0105cznika w formie pliku","user_name":"Grzegorz Januszek","date":"2022-06-23 22:25:59"},{"message":"Do\u0142\u0105czenie do informacji za\u0142\u0105cznika w formie pliku","user_name":"Grzegorz Januszek","date":"2022-06-23 22:25:10"},{"message":"Przygotowanie og\u0142oszenia","user_name":"Grzegorz Januszek","date":"2022-06-23 22:24:58"}]}