{"Tytu\u0142":"Og\u0142oszenie o pierwszym przetargu ustnym nieograniczonym na najem lokali u\u017cytkowych po\u0142o\u017conych w Cz\u0119stochowie ul. Wr\u0119czyckiej 11","Tre\u015b\u0107":{"lead":"<p>L.U. 02\/2025<\/p>\n<p><\/p>","content":"<span>Dyrektor \u015al\u0105skiego Zarz\u0105du Nieruchomo\u015bci og\u0142asza<\/span> pierwszy przetarg ustny nieograniczony na najem 23 lokali u\u017cytkowych po\u0142o\u017conych w Cz\u0119stochowie ul. Wr\u0119czyckiej 11.<br \/><br \/><span><span style=\"text-decoration: underline;\">Miejsce przeprowadzenia przetargu<\/span>: siedziba \u015al\u0105skiego Zarz\u0105du Nieruchomo\u015bci w Katowicach ul. Grabowa 1A Katowice , pok\u00f3j 501 (IV pi\u0119tro)<br \/><br \/><span style=\"text-decoration: underline;\">Termin przetargu<\/span>:\u00a0<strong>07 lutego 2025r., godz. 11.00<\/strong><\/span>"},"Pliki dokument\u00f3w":[{"id":2087,"object_id":1982,"size":1699202,"type":"application\/pdf","general_type":"application","name":"content_1982\/6792599f803502.93737920.pdf","original_name":"180.pdf","title":"Og\u0142oszenie  o przetargu","description":null,"active":1,"sort":1,"create_user_id":null,"update_user_id":null,"created_at":"2025-01-23 16:00:47","updated_at":"2025-01-23 16:01:03","object_type":"content"},{"id":2088,"object_id":1982,"size":45631,"type":"application\/vnd.openxmlfo","general_type":"application","name":"content_1982\/6792599f9cf268.99747801.docx","original_name":"Czestochowa wz\u00f3r umowy.docx","title":"Wz\u00f3r Umowy","description":null,"active":1,"sort":2,"create_user_id":null,"update_user_id":null,"created_at":"2025-01-23 16:00:47","updated_at":"2025-01-23 16:01:13","object_type":"content"},{"id":2089,"object_id":1982,"size":81920,"type":"application\/msword","general_type":"application","name":"content_1982\/6792599fb865a6.28536451.doc","original_name":"za\u0142\u0105cznik nr 2 -Zg\u0142oszenie udzia\u0142u w przetargu Cz\u0119stochowa.doc","title":"Zg\u0142oszenie udzia\u0142u w przetargu","description":null,"active":1,"sort":3,"create_user_id":null,"update_user_id":null,"created_at":"2025-01-23 16:00:47","updated_at":"2025-01-23 16:01:29","object_type":"content"}],"Pliki iobrazk\u00f3w":[],"Pliki audio":[],"Linki":[],"Video":[],"Okruszki":[{"title":"Strona g\u0142\u00f3wna","link":"\/","target":"_self"},{"title":"Nieruchomo\u015bci","link":null,"target":"_self"},{"title":"Najem lokali u\u017cytkowych","link":null,"target":"_self"}],"Historia zmian":[{"message":"Wprowadzenie zmian w opisie do\u0142\u0105czonego do informacji pliku","user_name":"Grzegorz Januszek","date":"2025-01-23 16:01:29"},{"message":"Wprowadzenie zmian w opisie do\u0142\u0105czonego do informacji pliku","user_name":"Grzegorz Januszek","date":"2025-01-23 16:01:13"},{"message":"Wprowadzenie zmian w opisie do\u0142\u0105czonego do informacji pliku","user_name":"Grzegorz Januszek","date":"2025-01-23 16:01:03"},{"message":"Do\u0142\u0105czenie do informacji za\u0142\u0105cznika w formie pliku","user_name":"Grzegorz Januszek","date":"2025-01-23 16:00:47"},{"message":"Do\u0142\u0105czenie do informacji za\u0142\u0105cznika w formie pliku","user_name":"Grzegorz Januszek","date":"2025-01-23 16:00:47"},{"message":"Do\u0142\u0105czenie do informacji za\u0142\u0105cznika w formie pliku","user_name":"Grzegorz Januszek","date":"2025-01-23 16:00:47"},{"message":"publikacja","user_name":"Grzegorz Januszek","date":"2025-01-23 16:00:24"}]}