{"Tytu\u0142":"Og\u0142oszenie o pierwszym przetargu ustnym nieograniczonym na najem lokalu u\u017cytkowego na nieruchomo\u015bci  po\u0142o\u017conej w Istebnej os. Kubalonka","Tre\u015b\u0107":{"lead":"<p>L.U. 03\/2025<\/p>\n<p><\/p>","content":"<span>Dyrektor \u015al\u0105skiego Zarz\u0105du Nieruchomo\u015bci og\u0142asza<\/span> pierwszy przetarg ustny nieograniczony na najem lokalu u\u017cytkowego o powierzchni 116,34 m\u00b2, znajduj\u0105cego si\u0119 w budynku mieszkalnym nr 684 usytuowanym na nieruchomo\u015bci po\u0142o\u017conej w Istebnej os. Kubalonka.<br \/><br \/><span><span style=\"text-decoration: underline;\">Miejsce przeprowadzenia przetargu<\/span>: siedziba \u015al\u0105skiego Zarz\u0105du Nieruchomo\u015bci w Katowicach ul. Grabowa 1A Katowice , pok\u00f3j 501 (IV pi\u0119tro)<br \/><br \/><span style=\"text-decoration: underline;\">Termin przetargu<\/span>:\u00a0<strong>03 marzec 2025r., godz. 9.00<br \/><br \/><br \/><\/strong><\/span>"},"Pliki dokument\u00f3w":[{"id":2095,"object_id":1988,"size":1654314,"type":"application\/pdf","general_type":"application","name":"content_1988\/67af7d6d303011.93305906.pdf","original_name":"Scan.pdf","title":"Og\u0142oszenie o przetargu","description":null,"active":1,"sort":1,"create_user_id":null,"update_user_id":null,"created_at":"2025-02-14 18:29:17","updated_at":"2025-02-14 18:29:30","object_type":"content"},{"id":2096,"object_id":1988,"size":35858,"type":"application\/vnd.openxmlfo","general_type":"application","name":"content_1988\/67af7d6d8df938.05278512.docx","original_name":"Umowa najmu lokalu u\u017cytkowego_przetarg sty_25.docx","title":"Umowa najmu","description":null,"active":1,"sort":2,"create_user_id":null,"update_user_id":null,"created_at":"2025-02-14 18:29:17","updated_at":"2025-02-14 18:29:46","object_type":"content"},{"id":2097,"object_id":1988,"size":85504,"type":"application\/msword","general_type":"application","name":"content_1988\/67af7d6de64c54.64560934.doc","original_name":"za\u0142\u0105cznik nr 2 -Zg\u0142oszenie udzia\u0142u w przetargu.doc","title":"Zg\u0142oszenie udzia\u0142u w przetargu","description":null,"active":1,"sort":3,"create_user_id":null,"update_user_id":null,"created_at":"2025-02-14 18:29:17","updated_at":"2025-02-14 18:30:03","object_type":"content"}],"Pliki iobrazk\u00f3w":[],"Pliki audio":[],"Linki":[],"Video":[],"Okruszki":[{"title":"Strona g\u0142\u00f3wna","link":"\/","target":"_self"},{"title":"Nieruchomo\u015bci","link":null,"target":"_self"},{"title":"Najem lokali u\u017cytkowych","link":null,"target":"_self"}],"Historia zmian":[{"message":"korekta publikacji","user_name":"Grzegorz Januszek","date":"2025-03-03 11:40:02"},{"message":"Wprowadzenie zmian w opisie do\u0142\u0105czonego do informacji pliku","user_name":"Grzegorz Januszek","date":"2025-02-14 18:30:03"},{"message":"Wprowadzenie zmian w opisie do\u0142\u0105czonego do informacji pliku","user_name":"Grzegorz Januszek","date":"2025-02-14 18:29:46"},{"message":"Wprowadzenie zmian w opisie do\u0142\u0105czonego do informacji pliku","user_name":"Grzegorz Januszek","date":"2025-02-14 18:29:30"},{"message":"Do\u0142\u0105czenie do informacji za\u0142\u0105cznika w formie pliku","user_name":"Grzegorz Januszek","date":"2025-02-14 18:29:17"},{"message":"Do\u0142\u0105czenie do informacji za\u0142\u0105cznika w formie pliku","user_name":"Grzegorz Januszek","date":"2025-02-14 18:29:17"},{"message":"Do\u0142\u0105czenie do informacji za\u0142\u0105cznika w formie pliku","user_name":"Grzegorz Januszek","date":"2025-02-14 18:29:17"},{"message":"publikacja","user_name":"Grzegorz Januszek","date":"2025-02-14 18:28:56"}]}