{"Tytu\u0142":"Og\u0142oszenie o pierwszym przetargu ustnym nieograniczonym na najem lokalu u\u017cytkowego po\u0142o\u017conego  w Pszczynie przy ul. 3 Maja 4a","Tre\u015b\u0107":{"lead":"<p>L.U. 02\/2023<\/p>","content":"<span>Dyrektor \u015al\u0105skiego Zarz\u0105du Nieruchomo\u015bci og\u0142asza pierwszy przetarg ustny nieograniczony na najem<span>\u00a0lokalu u\u017cytkowego po\u0142o\u017conego\u00a0<\/span>w Pszczynie przy ul. 3 Maja 4a.<br \/><br \/>Miejsce przeprowadzenia przetargu<span>: siedziba \u015al\u0105skiego Zarz\u0105du Nieruchomo\u015bci w Katowicach ul. Grabowa 1A Katowice , pok\u00f3j 501 (IV pi\u0119tro)<\/span><br \/><br \/><span>Termin przetargu<\/span><span>:<span>\u00a0<\/span><\/span><strong>02.02.2023r., godz. 10.00<br \/><br \/><\/strong><br \/><\/span>"},"Pliki dokument\u00f3w":[{"id":1963,"object_id":1918,"size":1428745,"type":"application\/pdf","general_type":"application","name":"content_1918\/63c9130faed449.04193575.pdf","original_name":"L.U.2_2023 - Pszczyna ul. 3 Maja 4A lokal u\u017cytkowy.pdf","title":"Og\u0142oszenie o przetargu","description":null,"active":1,"sort":1,"create_user_id":null,"update_user_id":null,"created_at":"2023-01-19 10:53:19","updated_at":"2023-01-19 10:53:49","object_type":"content"},{"id":1964,"object_id":1918,"size":277667,"type":"application\/pdf","general_type":"application","name":"content_1918\/63c91310365dc4.64597666.pdf","original_name":"za\u0142\u0105cznik nr 1 - wz\u00f3r umowy lokal  u\u017cytkowy Pszczyna ul. 3 Maja 4A.pdf","title":"Wz\u00f3r umowy","description":null,"active":1,"sort":2,"create_user_id":null,"update_user_id":null,"created_at":"2023-01-19 10:53:20","updated_at":"2023-01-19 10:54:09","object_type":"content"},{"id":1965,"object_id":1918,"size":86016,"type":"application\/msword","general_type":"application","name":"content_1918\/63c913107325b1.17984654.doc","original_name":"za\u0142\u0105cznik nr 2 -Zg\u0142oszenie udzia\u0142u w przetargu.doc","title":"Zg\u0142oszenie udzia\u0142u w przetargu","description":null,"active":1,"sort":3,"create_user_id":null,"update_user_id":null,"created_at":"2023-01-19 10:53:20","updated_at":"2023-01-19 10:54:57","object_type":"content"}],"Pliki iobrazk\u00f3w":[],"Pliki audio":[],"Linki":[],"Video":[],"Okruszki":[{"title":"Strona g\u0142\u00f3wna","link":"\/","target":"_self"},{"title":"Nieruchomo\u015bci","link":null,"target":"_self"},{"title":"Najem lokali u\u017cytkowych","link":null,"target":"_self"}],"Historia zmian":[{"message":"korekta redaktorska","user_name":"Grzegorz Januszek","date":"2023-01-19 11:06:27"},{"message":"Wprowadzenie zmian w opisie do\u0142\u0105czonego do informacji pliku","user_name":"Grzegorz Januszek","date":"2023-01-19 10:54:57"},{"message":"Wprowadzenie zmian w opisie do\u0142\u0105czonego do informacji pliku","user_name":"Grzegorz Januszek","date":"2023-01-19 10:54:09"},{"message":"Wprowadzenie zmian w opisie do\u0142\u0105czonego do informacji pliku","user_name":"Grzegorz Januszek","date":"2023-01-19 10:53:49"},{"message":"Do\u0142\u0105czenie do informacji za\u0142\u0105cznika w formie pliku","user_name":"Grzegorz Januszek","date":"2023-01-19 10:53:20"},{"message":"Do\u0142\u0105czenie do informacji za\u0142\u0105cznika w formie pliku","user_name":"Grzegorz Januszek","date":"2023-01-19 10:53:20"},{"message":"Do\u0142\u0105czenie do informacji za\u0142\u0105cznika w formie pliku","user_name":"Grzegorz Januszek","date":"2023-01-19 10:53:19"},{"message":"przygotowanie publikacji","user_name":"Grzegorz Januszek","date":"2023-01-19 10:51:36"}]}