{"Tytu\u0142":"Og\u0142oszenie o pierwszym przetargu ustnym nieograniczonym na najem lokalu u\u017cytkowego po\u0142o\u017conego w Katowicach przy ul. Ko\u015bciuszki 3","Tre\u015b\u0107":{"lead":"L.U. 13\/2023","content":"Dyrektor \u015al\u0105skiego Zarz\u0105du Nieruchomo\u015bci og\u0142asza pierwszy przetarg ustny nieograniczony na najem lokalu u\u017cytkowego o powierzchni 77,78 m2, po\u0142o\u017conego w Katowicach przy ul. Ko\u015bciuszki 3.<br \/>"},"Pliki dokument\u00f3w":[{"id":2027,"object_id":1954,"size":1628786,"type":"application\/pdf","general_type":"application","name":"content_1954\/65159584696031.80125656.pdf","original_name":"og\u0142oszenie.pdf","title":"Og\u0142oszenie o przetargu","description":null,"active":1,"sort":1,"create_user_id":null,"update_user_id":null,"created_at":"2023-09-28 17:02:28","updated_at":"2023-09-28 17:02:45","object_type":"content"},{"id":2028,"object_id":1954,"size":88576,"type":"application\/msword","general_type":"application","name":"content_1954\/65159584945753.96690208.doc","original_name":"za\u0142\u0105cznik nr 2 -Zg\u0142oszenie udzia\u0142u w przetargu Katowice ul. Ko\u015bciuszki 3.doc","title":"Zg\u0142oszenie udzia\u0142u","description":null,"active":1,"sort":2,"create_user_id":null,"update_user_id":null,"created_at":"2023-09-28 17:02:28","updated_at":"2023-09-28 17:03:14","object_type":"content"},{"id":2029,"object_id":1954,"size":322570,"type":"application\/pdf","general_type":"application","name":"content_1954\/65159584c12471.10608627.pdf","original_name":"za\u0142\u0105cznik nr 1 - wz\u00f3r umowy lokal u\u017cytkowy Katowice ul. Ko\u015bciuszki 3.pdf","title":"Wz\u00f3r umowy","description":null,"active":1,"sort":3,"create_user_id":null,"update_user_id":null,"created_at":"2023-09-28 17:02:28","updated_at":"2023-09-28 17:03:26","object_type":"content"}],"Pliki iobrazk\u00f3w":[],"Pliki audio":[],"Linki":[],"Video":[],"Okruszki":[{"title":"Strona g\u0142\u00f3wna","link":"\/","target":"_self"},{"title":"Nieruchomo\u015bci","link":null,"target":"_self"},{"title":"Najem lokali u\u017cytkowych","link":null,"target":"_self"}],"Historia zmian":[{"message":"Wprowadzenie zmian w opisie do\u0142\u0105czonego do informacji pliku","user_name":"Grzegorz Januszek","date":"2023-09-28 17:03:26"},{"message":"Wprowadzenie zmian w opisie do\u0142\u0105czonego do informacji pliku","user_name":"Grzegorz Januszek","date":"2023-09-28 17:03:14"},{"message":"Wprowadzenie zmian w opisie do\u0142\u0105czonego do informacji pliku","user_name":"Grzegorz Januszek","date":"2023-09-28 17:02:45"},{"message":"Do\u0142\u0105czenie do informacji za\u0142\u0105cznika w formie pliku","user_name":"Grzegorz Januszek","date":"2023-09-28 17:02:28"},{"message":"Do\u0142\u0105czenie do informacji za\u0142\u0105cznika w formie pliku","user_name":"Grzegorz Januszek","date":"2023-09-28 17:02:28"},{"message":"Do\u0142\u0105czenie do informacji za\u0142\u0105cznika w formie pliku","user_name":"Grzegorz Januszek","date":"2023-09-28 17:02:28"},{"message":"publikacja","user_name":"Grzegorz Januszek","date":"2023-09-28 17:02:04"}]}