{"Tytu\u0142":"Og\u0142oszenie o pierwszym przetargu ustnym nieograniczonym na najem lokalu u\u017cytkowego w Lubli\u0144cu przy ul. Sportowej 1","Tre\u015b\u0107":{"lead":"<p>L.U. 01\/2025<\/p>\n<p><\/p>","content":"<span>Dyrektor \u015al\u0105skiego Zarz\u0105du Nieruchomo\u015bci og\u0142asza<\/span> pierwszy przetarg ustny nieograniczony na najem lokalu u\u017cytkowego w Lubli\u0144cu przy ul. Sportowej 1, w trybie przetargowym na czas nieoznaczony.<br \/><br \/><span><span style=\"text-decoration: underline;\">Miejsce przeprowadzenia przetargu<\/span>: siedziba \u015al\u0105skiego Zarz\u0105du Nieruchomo\u015bci w Katowicach ul. Grabowa 1A Katowice , pok\u00f3j 501 (IV pi\u0119tro)<br \/><br \/><span style=\"text-decoration: underline;\">Termin przetargu<\/span>:\u00a0<strong>07 lutego 2025r., godz. 9.00<br \/><br \/><\/strong><\/span>"},"Pliki dokument\u00f3w":[{"id":2084,"object_id":1981,"size":1375534,"type":"application\/pdf","general_type":"application","name":"content_1981\/67925784d779e2.18821361.pdf","original_name":"179_2025.pdf","title":"Og\u0142oszenie o przetargu","description":null,"active":1,"sort":1,"create_user_id":null,"update_user_id":null,"created_at":"2025-01-23 15:51:48","updated_at":"2025-01-23 15:52:20","object_type":"content"},{"id":2085,"object_id":1981,"size":45121,"type":"application\/vnd.openxmlfo","general_type":"application","name":"content_1981\/6792578500c3c2.40949556.docx","original_name":"Wz\u00f3r umowy najmu lokalu u\u017cytkowego.docx","title":"Wz\u00f3r Umowy","description":null,"active":1,"sort":2,"create_user_id":null,"update_user_id":null,"created_at":"2025-01-23 15:51:49","updated_at":"2025-01-23 15:52:37","object_type":"content"},{"id":2086,"object_id":1981,"size":83456,"type":"application\/msword","general_type":"application","name":"content_1981\/679257851e4ff9.88059026.doc","original_name":"za\u0142\u0105cznik nr 2 -Zg\u0142oszenie udzia\u0142u w przetargu Lubliniec.doc","title":"Zg\u0142oszenie udzia\u0142u w przetargu","description":null,"active":1,"sort":3,"create_user_id":null,"update_user_id":null,"created_at":"2025-01-23 15:51:49","updated_at":"2025-01-23 15:52:54","object_type":"content"}],"Pliki iobrazk\u00f3w":[],"Pliki audio":[],"Linki":[],"Video":[],"Okruszki":[{"title":"Strona g\u0142\u00f3wna","link":"\/","target":"_self"},{"title":"Nieruchomo\u015bci","link":null,"target":"_self"},{"title":"Najem lokali u\u017cytkowych","link":null,"target":"_self"}],"Historia zmian":[{"message":"Wprowadzenie zmian w opisie do\u0142\u0105czonego do informacji pliku","user_name":"Grzegorz Januszek","date":"2025-01-23 15:52:54"},{"message":"Wprowadzenie zmian w opisie do\u0142\u0105czonego do informacji pliku","user_name":"Grzegorz Januszek","date":"2025-01-23 15:52:37"},{"message":"Wprowadzenie zmian w opisie do\u0142\u0105czonego do informacji pliku","user_name":"Grzegorz Januszek","date":"2025-01-23 15:52:20"},{"message":"Do\u0142\u0105czenie do informacji za\u0142\u0105cznika w formie pliku","user_name":"Grzegorz Januszek","date":"2025-01-23 15:51:49"},{"message":"Do\u0142\u0105czenie do informacji za\u0142\u0105cznika w formie pliku","user_name":"Grzegorz Januszek","date":"2025-01-23 15:51:49"},{"message":"Do\u0142\u0105czenie do informacji za\u0142\u0105cznika w formie pliku","user_name":"Grzegorz Januszek","date":"2025-01-23 15:51:48"},{"message":"korekta redaktorska","user_name":"Grzegorz Januszek","date":"2025-01-23 15:51:29"},{"message":"publikacja","user_name":"Grzegorz Januszek","date":"2025-01-23 15:51:03"}]}