{"Tytu\u0142":"Og\u0142oszenie o pierwszym przetargu ustnym nieograniczonym na najem lokalu u\u017cytkowego (warsztat nr II) o powierzchni 77,80 m\u00b2 po\u0142o\u017conego w Gliwicach przy ul. \u015alusarskiej 4","Tre\u015b\u0107":{"lead":"<p>L.U. 06\/2023<\/p>","content":"<p>Dyrektor \u015al\u0105skiego Zarz\u0105du Nieruchomo\u015bci og\u0142asza pierwszy \u00a0przetarg ustny nieograniczony na najem lokalu u\u017cytkowego (warsztat nr II) o powierzchni 77,80 m\u00b2 po\u0142o\u017cony w Gliwicach przy ul. \u015alusarskiej 4.<br \/><br \/><u><br \/>Miejsce przeprowadzenia przetargu<\/u>: Katowice ul. Grabowa 1A \u00a0(siedziba \u015aZN),\u00a0pok\u00f3j 501 (IV pi\u0119tro)<br \/><br \/><u>Termin przeprowadzenia przetargu<\/u>:\u00a0<strong>17.02.2022 r., godzina 10:00<br \/><br \/><br \/><\/strong><\/p>"},"Pliki dokument\u00f3w":[{"id":1976,"object_id":1924,"size":1245839,"type":"application\/pdf","general_type":"application","name":"content_1924\/63dbc6b5db3b42.12887726.pdf","original_name":"L.U.6.2023 -pierwszy przetarg ustny na najem lokalu u\u017cytkowego Gliwice ul. \u015alusarska 4.pdf","title":"Og\u0142oszenie o przetargu","description":null,"active":1,"sort":1,"create_user_id":null,"update_user_id":null,"created_at":"2023-02-02 15:20:37","updated_at":"2023-02-02 15:20:59","object_type":"content"},{"id":1977,"object_id":1924,"size":316562,"type":"application\/pdf","general_type":"application","name":"content_1924\/63dbc6b6108a87.62317056.pdf","original_name":"za\u0142\u0105cznik nr 1 wz\u00f3r umowy lokal u\u017cytkowy Gliwice ul. \u015alusarska 4.pdf","title":"Wz\u00f3r Umowy","description":null,"active":1,"sort":2,"create_user_id":null,"update_user_id":null,"created_at":"2023-02-02 15:20:38","updated_at":"2023-02-02 15:21:17","object_type":"content"},{"id":1978,"object_id":1924,"size":86528,"type":"application\/msword","general_type":"application","name":"content_1924\/63dbc6b63672f5.22341509.doc","original_name":"za\u0142\u0105cznik nr 2 -Zg\u0142oszenie udzia\u0142u w przetargu Gliwice ul. \u015alusarska 4.doc","title":"Zg\u0142oszenie udzia\u0142u w przetargu","description":null,"active":1,"sort":3,"create_user_id":null,"update_user_id":null,"created_at":"2023-02-02 15:20:38","updated_at":"2023-02-02 15:21:36","object_type":"content"}],"Pliki iobrazk\u00f3w":[],"Pliki audio":[],"Linki":[],"Video":[],"Okruszki":[{"title":"Strona g\u0142\u00f3wna","link":"\/","target":"_self"},{"title":"Nieruchomo\u015bci","link":null,"target":"_self"},{"title":"Najem lokali u\u017cytkowych","link":null,"target":"_self"}],"Historia zmian":[{"message":"korekta redaktorska","user_name":"Grzegorz Januszek","date":"2023-02-02 15:24:27"},{"message":"Wprowadzenie zmian w opisie do\u0142\u0105czonego do informacji pliku","user_name":"Grzegorz Januszek","date":"2023-02-02 15:21:36"},{"message":"Wprowadzenie zmian w opisie do\u0142\u0105czonego do informacji pliku","user_name":"Grzegorz Januszek","date":"2023-02-02 15:21:17"},{"message":"Wprowadzenie zmian w opisie do\u0142\u0105czonego do informacji pliku","user_name":"Grzegorz Januszek","date":"2023-02-02 15:20:59"},{"message":"Do\u0142\u0105czenie do informacji za\u0142\u0105cznika w formie pliku","user_name":"Grzegorz Januszek","date":"2023-02-02 15:20:38"},{"message":"Do\u0142\u0105czenie do informacji za\u0142\u0105cznika w formie pliku","user_name":"Grzegorz Januszek","date":"2023-02-02 15:20:38"},{"message":"Do\u0142\u0105czenie do informacji za\u0142\u0105cznika w formie pliku","user_name":"Grzegorz Januszek","date":"2023-02-02 15:20:37"},{"message":"przygotowanie publikacji","user_name":"Grzegorz Januszek","date":"2023-02-02 15:20:23"}]}